{"id":1784,"date":"2017-12-07T06:56:57","date_gmt":"2017-12-07T06:56:57","guid":{"rendered":"http:\/\/1ximleben.fantomaz.de\/?p=1784"},"modified":"2017-12-07T07:00:27","modified_gmt":"2017-12-07T07:00:27","slug":"decken-abhaengen-tag-1","status":"publish","type":"post","link":"http:\/\/1ximleben.fantomaz.de\/?p=1784","title":{"rendered":"Decken abh\u00e4ngen Tag 1"},"content":{"rendered":"<p>Morgens noch schnell alles, was nach Lehm aussieht mit Farbe bemalen, zwischendurch etwas Acryl in ein paar Fugen. Dann haben wir die Unterkonstruktion f\u00fcr die Holzdecke im Bad unten gebaut und konnten beginnen, die gestern gestrichenen Profilh\u00f6lzer anzubringen.<img loading=\"lazy\" decoding=\"async\" class=\"alignnone size-large wp-image-1786\" src=\"http:\/\/1ximleben.fantomaz.de\/wp-content\/uploads\/2017\/12\/IMG_7551-1024x768.jpg\" alt=\"\" width=\"840\" height=\"630\" srcset=\"http:\/\/1ximleben.fantomaz.de\/wp-content\/uploads\/2017\/12\/IMG_7551-1024x768.jpg 1024w, http:\/\/1ximleben.fantomaz.de\/wp-content\/uploads\/2017\/12\/IMG_7551-300x225.jpg 300w, http:\/\/1ximleben.fantomaz.de\/wp-content\/uploads\/2017\/12\/IMG_7551-768x576.jpg 768w, http:\/\/1ximleben.fantomaz.de\/wp-content\/uploads\/2017\/12\/IMG_7551-1200x900.jpg 1200w\" sizes=\"(max-width: 709px) 85vw, (max-width: 909px) 67vw, (max-width: 1362px) 62vw, 840px\" \/><\/p>\n<p>Nachmittags hat Erik die gew\u00fcnschte Scheibe von dem Sandstein abgeflext. Das hat sie noch hingekriegt, aber nach dem Schnitt ist die Flex regelrecht abgeraucht.<img loading=\"lazy\" decoding=\"async\" class=\"alignnone size-large wp-image-1785\" src=\"http:\/\/1ximleben.fantomaz.de\/wp-content\/uploads\/2017\/12\/IMG_7550-1024x768.jpg\" alt=\"\" width=\"840\" height=\"630\" srcset=\"http:\/\/1ximleben.fantomaz.de\/wp-content\/uploads\/2017\/12\/IMG_7550-1024x768.jpg 1024w, http:\/\/1ximleben.fantomaz.de\/wp-content\/uploads\/2017\/12\/IMG_7550-300x225.jpg 300w, http:\/\/1ximleben.fantomaz.de\/wp-content\/uploads\/2017\/12\/IMG_7550-768x576.jpg 768w, http:\/\/1ximleben.fantomaz.de\/wp-content\/uploads\/2017\/12\/IMG_7550-1200x900.jpg 1200w\" sizes=\"(max-width: 709px) 85vw, (max-width: 909px) 67vw, (max-width: 1362px) 62vw, 840px\" \/><\/p>\n","protected":false},"excerpt":{"rendered":"<p>Morgens noch schnell alles, was nach Lehm aussieht mit Farbe bemalen, zwischendurch etwas Acryl in ein paar Fugen. Dann haben wir die Unterkonstruktion f\u00fcr die Holzdecke im Bad unten gebaut und konnten beginnen, die gestern gestrichenen Profilh\u00f6lzer anzubringen. Nachmittags hat Erik die gew\u00fcnschte Scheibe von dem Sandstein abgeflext. Das hat sie noch hingekriegt, aber nach &hellip; <a href=\"http:\/\/1ximleben.fantomaz.de\/?p=1784\" class=\"more-link\"><span class=\"screen-reader-text\">\u201eDecken abh\u00e4ngen Tag 1\u201c<\/span> weiterlesen<\/a><\/p>\n","protected":false},"author":2,"featured_media":0,"comment_status":"open","ping_status":"open","sticky":false,"template":"","format":"standard","meta":{"footnotes":""},"categories":[1],"tags":[],"_links":{"self":[{"href":"http:\/\/1ximleben.fantomaz.de\/index.php?rest_route=\/wp\/v2\/posts\/1784"}],"collection":[{"href":"http:\/\/1ximleben.fantomaz.de\/index.php?rest_route=\/wp\/v2\/posts"}],"about":[{"href":"http:\/\/1ximleben.fantomaz.de\/index.php?rest_route=\/wp\/v2\/types\/post"}],"author":[{"embeddable":true,"href":"http:\/\/1ximleben.fantomaz.de\/index.php?rest_route=\/wp\/v2\/users\/2"}],"replies":[{"embeddable":true,"href":"http:\/\/1ximleben.fantomaz.de\/index.php?rest_route=%2Fwp%2Fv2%2Fcomments&post=1784"}],"version-history":[{"count":4,"href":"http:\/\/1ximleben.fantomaz.de\/index.php?rest_route=\/wp\/v2\/posts\/1784\/revisions"}],"predecessor-version":[{"id":1790,"href":"http:\/\/1ximleben.fantomaz.de\/index.php?rest_route=\/wp\/v2\/posts\/1784\/revisions\/1790"}],"wp:attachment":[{"href":"http:\/\/1ximleben.fantomaz.de\/index.php?rest_route=%2Fwp%2Fv2%2Fmedia&parent=1784"}],"wp:term":[{"taxonomy":"category","embeddable":true,"href":"http:\/\/1ximleben.fantomaz.de\/index.php?rest_route=%2Fwp%2Fv2%2Fcategories&post=1784"},{"taxonomy":"post_tag","embeddable":true,"href":"http:\/\/1ximleben.fantomaz.de\/index.php?rest_route=%2Fwp%2Fv2%2Ftags&post=1784"}],"curies":[{"name":"wp","href":"https:\/\/api.w.org\/{rel}","templated":true}]}}