{"id":1903,"date":"2017-12-31T16:41:19","date_gmt":"2017-12-31T16:41:19","guid":{"rendered":"http:\/\/1ximleben.fantomaz.de\/?p=1903"},"modified":"2018-01-02T22:10:27","modified_gmt":"2018-01-02T22:10:27","slug":"loecher-mit-lehm-schliessen","status":"publish","type":"post","link":"http:\/\/1ximleben.fantomaz.de\/?p=1903","title":{"rendered":"L\u00f6cher mit Lehm schliessen"},"content":{"rendered":"<p>Gestern haben wir die Fensterb\u00e4nke befestigt und die Ritzen mit Lehm zuggespachtelt. Das gleiche auch an den Decken, denn wir haben die Decken doch h\u00f6her abgeh\u00e4ngt, so dass an einigen Stellen Lehm fehlte.<img loading=\"lazy\" decoding=\"async\" class=\"alignnone size-large wp-image-1908\" src=\"http:\/\/1ximleben.fantomaz.de\/wp-content\/uploads\/2017\/12\/IMG_7691-1024x768.jpg\" alt=\"\" width=\"840\" height=\"630\" srcset=\"http:\/\/1ximleben.fantomaz.de\/wp-content\/uploads\/2017\/12\/IMG_7691-1024x768.jpg 1024w, http:\/\/1ximleben.fantomaz.de\/wp-content\/uploads\/2017\/12\/IMG_7691-300x225.jpg 300w, http:\/\/1ximleben.fantomaz.de\/wp-content\/uploads\/2017\/12\/IMG_7691-768x576.jpg 768w, http:\/\/1ximleben.fantomaz.de\/wp-content\/uploads\/2017\/12\/IMG_7691-1200x900.jpg 1200w\" sizes=\"(max-width: 709px) 85vw, (max-width: 909px) 67vw, (max-width: 1362px) 62vw, 840px\" \/><\/p>\n<p><img loading=\"lazy\" decoding=\"async\" class=\"alignnone size-large wp-image-1909\" src=\"http:\/\/1ximleben.fantomaz.de\/wp-content\/uploads\/2017\/12\/IMG_7695-1024x768.jpg\" alt=\"\" width=\"840\" height=\"630\" srcset=\"http:\/\/1ximleben.fantomaz.de\/wp-content\/uploads\/2017\/12\/IMG_7695-1024x768.jpg 1024w, http:\/\/1ximleben.fantomaz.de\/wp-content\/uploads\/2017\/12\/IMG_7695-300x225.jpg 300w, http:\/\/1ximleben.fantomaz.de\/wp-content\/uploads\/2017\/12\/IMG_7695-768x576.jpg 768w, http:\/\/1ximleben.fantomaz.de\/wp-content\/uploads\/2017\/12\/IMG_7695-1200x900.jpg 1200w\" sizes=\"(max-width: 709px) 85vw, (max-width: 909px) 67vw, (max-width: 1362px) 62vw, 840px\" \/><\/p>\n<p>Heute haben wir ge\u00f6lt. Den Fu\u00dfboden \u00fcber dem Arbeitszimmer und die ganze rechte Seite im Untergeschoss bis auf den Flur. Wir mussten ja noch durch&#8230;<img loading=\"lazy\" decoding=\"async\" class=\"alignnone size-large wp-image-1911\" src=\"http:\/\/1ximleben.fantomaz.de\/wp-content\/uploads\/2017\/12\/IMG_7686-1024x768.jpg\" alt=\"\" width=\"840\" height=\"630\" srcset=\"http:\/\/1ximleben.fantomaz.de\/wp-content\/uploads\/2017\/12\/IMG_7686-1024x768.jpg 1024w, http:\/\/1ximleben.fantomaz.de\/wp-content\/uploads\/2017\/12\/IMG_7686-300x225.jpg 300w, http:\/\/1ximleben.fantomaz.de\/wp-content\/uploads\/2017\/12\/IMG_7686-768x576.jpg 768w, http:\/\/1ximleben.fantomaz.de\/wp-content\/uploads\/2017\/12\/IMG_7686-1200x900.jpg 1200w\" sizes=\"(max-width: 709px) 85vw, (max-width: 909px) 67vw, (max-width: 1362px) 62vw, 840px\" \/><\/p>\n<p>Nach oben n\u00e4mlich, wo die Zargen mit den H\u00f6lzern verkleinert werden m\u00fcssen, damit die Zargen passen.<img loading=\"lazy\" decoding=\"async\" class=\"alignnone size-large wp-image-1912\" src=\"http:\/\/1ximleben.fantomaz.de\/wp-content\/uploads\/2017\/12\/IMG_7698-768x1024.jpg\" alt=\"\" width=\"768\" height=\"1024\" srcset=\"http:\/\/1ximleben.fantomaz.de\/wp-content\/uploads\/2017\/12\/IMG_7698-768x1024.jpg 768w, http:\/\/1ximleben.fantomaz.de\/wp-content\/uploads\/2017\/12\/IMG_7698-225x300.jpg 225w, http:\/\/1ximleben.fantomaz.de\/wp-content\/uploads\/2017\/12\/IMG_7698-1200x1600.jpg 1200w\" sizes=\"(max-width: 709px) 85vw, (max-width: 909px) 67vw, (max-width: 984px) 61vw, (max-width: 1362px) 45vw, 600px\" \/><\/p>\n<p><img loading=\"lazy\" decoding=\"async\" class=\"alignnone size-large wp-image-1913\" src=\"http:\/\/1ximleben.fantomaz.de\/wp-content\/uploads\/2017\/12\/IMG_7701-2-1024x768.jpg\" alt=\"\" width=\"840\" height=\"630\" srcset=\"http:\/\/1ximleben.fantomaz.de\/wp-content\/uploads\/2017\/12\/IMG_7701-2-1024x768.jpg 1024w, http:\/\/1ximleben.fantomaz.de\/wp-content\/uploads\/2017\/12\/IMG_7701-2-300x225.jpg 300w, http:\/\/1ximleben.fantomaz.de\/wp-content\/uploads\/2017\/12\/IMG_7701-2-768x576.jpg 768w, http:\/\/1ximleben.fantomaz.de\/wp-content\/uploads\/2017\/12\/IMG_7701-2-1200x900.jpg 1200w\" sizes=\"(max-width: 709px) 85vw, (max-width: 909px) 67vw, (max-width: 1362px) 62vw, 840px\" \/><\/p>\n<p>Und weil ich gerade 2016 angeguckt habe, nochmal dieses Zimmer aus 12\/2016<img loading=\"lazy\" decoding=\"async\" class=\"alignnone size-large wp-image-135\" src=\"http:\/\/1ximleben.fantomaz.de\/wp-content\/uploads\/2017\/01\/IMG_4604-1024x768.jpg\" alt=\"\" width=\"840\" height=\"630\" srcset=\"http:\/\/1ximleben.fantomaz.de\/wp-content\/uploads\/2017\/01\/IMG_4604-1024x768.jpg 1024w, http:\/\/1ximleben.fantomaz.de\/wp-content\/uploads\/2017\/01\/IMG_4604-300x225.jpg 300w, http:\/\/1ximleben.fantomaz.de\/wp-content\/uploads\/2017\/01\/IMG_4604-768x576.jpg 768w, http:\/\/1ximleben.fantomaz.de\/wp-content\/uploads\/2017\/01\/IMG_4604-1200x900.jpg 1200w\" sizes=\"(max-width: 709px) 85vw, (max-width: 909px) 67vw, (max-width: 1362px) 62vw, 840px\" \/><\/p>\n<p>Ansonsten ist heute Sylvester &#8211; einen guten Rutsch und Start ins Neue Jahr!!<\/p>\n","protected":false},"excerpt":{"rendered":"<p>Gestern haben wir die Fensterb\u00e4nke befestigt und die Ritzen mit Lehm zuggespachtelt. Das gleiche auch an den Decken, denn wir haben die Decken doch h\u00f6her abgeh\u00e4ngt, so dass an einigen Stellen Lehm fehlte. Heute haben wir ge\u00f6lt. Den Fu\u00dfboden \u00fcber dem Arbeitszimmer und die ganze rechte Seite im Untergeschoss bis auf den Flur. Wir mussten &hellip; <a href=\"http:\/\/1ximleben.fantomaz.de\/?p=1903\" class=\"more-link\"><span class=\"screen-reader-text\">\u201eL\u00f6cher mit Lehm schliessen\u201c<\/span> weiterlesen<\/a><\/p>\n","protected":false},"author":2,"featured_media":0,"comment_status":"open","ping_status":"open","sticky":false,"template":"","format":"standard","meta":{"footnotes":""},"categories":[1],"tags":[],"_links":{"self":[{"href":"http:\/\/1ximleben.fantomaz.de\/index.php?rest_route=\/wp\/v2\/posts\/1903"}],"collection":[{"href":"http:\/\/1ximleben.fantomaz.de\/index.php?rest_route=\/wp\/v2\/posts"}],"about":[{"href":"http:\/\/1ximleben.fantomaz.de\/index.php?rest_route=\/wp\/v2\/types\/post"}],"author":[{"embeddable":true,"href":"http:\/\/1ximleben.fantomaz.de\/index.php?rest_route=\/wp\/v2\/users\/2"}],"replies":[{"embeddable":true,"href":"http:\/\/1ximleben.fantomaz.de\/index.php?rest_route=%2Fwp%2Fv2%2Fcomments&post=1903"}],"version-history":[{"count":4,"href":"http:\/\/1ximleben.fantomaz.de\/index.php?rest_route=\/wp\/v2\/posts\/1903\/revisions"}],"predecessor-version":[{"id":1933,"href":"http:\/\/1ximleben.fantomaz.de\/index.php?rest_route=\/wp\/v2\/posts\/1903\/revisions\/1933"}],"wp:attachment":[{"href":"http:\/\/1ximleben.fantomaz.de\/index.php?rest_route=%2Fwp%2Fv2%2Fmedia&parent=1903"}],"wp:term":[{"taxonomy":"category","embeddable":true,"href":"http:\/\/1ximleben.fantomaz.de\/index.php?rest_route=%2Fwp%2Fv2%2Fcategories&post=1903"},{"taxonomy":"post_tag","embeddable":true,"href":"http:\/\/1ximleben.fantomaz.de\/index.php?rest_route=%2Fwp%2Fv2%2Ftags&post=1903"}],"curies":[{"name":"wp","href":"https:\/\/api.w.org\/{rel}","templated":true}]}}